{"id":1131,"date":"2013-01-01T12:00:58","date_gmt":"2013-01-01T12:00:58","guid":{"rendered":"https:\/\/www.villaadriatica.com\/excursion-krka-waterfalls-2\/"},"modified":"2013-10-24T13:19:05","modified_gmt":"2013-10-24T13:19:05","slug":"krka-parc-national","status":"publish","type":"post","link":"https:\/\/www.villaadriatica.com\/fr\/krka-parc-national\/","title":{"rendered":"Krka &#8211; parc national &#8211; Toute la journ\u00e9e"},"content":{"rendered":"<p>Nous allons visiter l&#8217;un des monuments religieux les plus valables de Dalmatie &#8211; Cath\u00e9drale de Saint-Jacques datant du 15\u00e8me si\u00e8cle Les cascades de Krka sont situ\u00e9 seulement \u00e0 12 km de la ville. Du vraiment magnifique environnement naturel de la rivi\u00e8re des cascades cascade se compose de plus de 17 barri\u00e8res naturelles faisant nombreuses cascades, petits et grands, et \u00e0 la diff\u00e9rence de hauteur de 45 m C&#8217;est l\u00e0 la beaut\u00e9 du parc national vient \u00e0 l&#8217;esprit \u00e0 travers globe-trotter jeu de soleil et de l&#8217;eau. N&#8217;h\u00e9sitez pas \u00e0 marcher, nager ou de photographier les paysages pittoresques. Guide et les frais d&#8217;entr\u00e9e inclus.<\/p>\n<p><!-- Social Ring Buttons Start --><div class=\"social-ring\">\n<div class=\"social-ring-button\"><fb:like href=\"https:\/\/www.villaadriatica.com\/fr\/krka-parc-national\/\" showfaces=\"false\" layout=\"button_count\" action=\"like\"><\/fb:like><\/div>\n<div class=\"social-ring-button\"><a href=\"https:\/\/www.facebook.com\/sharer\/sharer.php?s=100&p[url]=https:\/\/www.villaadriatica.com\/fr\/krka-parc-national\/\" target=\"_blank\"\n\t\t\t\t\t\t\tonclick=\"window.open('https:\/\/www.facebook.com\/sharer\/sharer.php?s=100&p[url]=https:\/\/www.villaadriatica.com\/fr\/krka-parc-national\/', 'newwindow', 'width=600, height=450'); return false;\" >\n\t\t\t\t\t\t\t<img decoding=\"async\" style=\"display:block; background: none; padding: 0px; border:0px;\" src=\"https:\/\/www.villaadriatica.com\/wp-content\/plugins\/wordpress-social-ring\/includes\/..\/admin\/images\/sr-fb-share.png\" alt=\"Share\"\/>\n\t\t\t\t\t\t<\/a><\/div>\n<div class=\"social-ring-button\"><a rel=\"nofollow\" href=\"http:\/\/twitter.com\/share\" lang=\"en\" data-url=\"https:\/\/www.villaadriatica.com\/fr\/krka-parc-national\/\" data-text=\"Krka - parc national - Toute la journ\u00e9e\" data-count=\"horizontal\" class=\"sr-twitter-button twitter-share-button\"><\/a><\/div>\n<div class=\"social-ring-button\"><div class=\"g-plusone\" data-href=\"https:\/\/www.villaadriatica.com\/fr\/krka-parc-national\/\" data-size=\"medium\" ><\/div><\/div>\n<div class=\"social-ring-button\"><a rel=\"nofollow\" href=\"http:\/\/pinterest.com\/pin\/create\/button\/?url=https%3A%2F%2Fwww.villaadriatica.com%2Ffr%2Fkrka-parc-national%2F&media=https%3A%2F%2Fwww.villaadriatica.com%2Fwp-content%2Fuploads%2F2013%2F07%2FTurs-krka-002.jpg&description=Krka+-+parc+national+-+Toute+la+journ%C3%A9e\" class=\"pin-it-button\"count-layout=\"horizontal\"><\/a><\/div>\n<\/div><!-- Social Ring Buttons End -->\n<br \/>\n<strong>Price:<\/strong>\u00a0<del><em>400 EUR<\/em><\/del> now <strong>250 EUR<\/strong><br \/>\n<strong>Price includes:<\/strong> full-day Mercedes Viano rental, a driver, fuel, VAT 25%<br \/>\nPrice does not include:\u00a0entrance tickets to the National Park<br \/>\n<strong>Departure:<\/strong> from the port of Split, or by arrangement.<\/p>\n<p><strong><span style=\"color: #ff6600;\">Order Excursion<\/span><\/strong> \u2794 Krka Waterfalls National Park<br \/>\n\n\n<!-- Fast Secure Contact Form plugin 4.0.52 - begin - FastSecureContactForm.com -->\r\n<div style=\"clear:both;\"><\/div>\n\r\n<div id=\"FSContact1\" style=\"width:600px;\">\r\n<form action=\"https:\/\/www.villaadriatica.com\/fr\/wp-json\/wp\/v2\/posts\/1131#FSContact1\" id=\"fscf_form1\" method=\"post\">\r\n\n<div id=\"fscf_div_clear1_0\" style=\"clear:both;\">\n  <div id=\"fscf_div_field1_0\" style=\"clear:left; float:left; width:99%; max-width:550px; margin-right:10px;\">\r\n    <div style=\"text-align:left; padding-top:5px;\">\n      <label style=\"text-align:left;\" for=\"fscf_name1\">Nom<span style=\"text-align:left;\">*<\/span><\/label>\n    <\/div>\r\n    <div style=\"text-align:left;\">\r\n      <input style=\"text-align:left; margin:0;\" type=\"text\" id=\"fscf_name1\" name=\"full_name\" value=\"\"  \/>\r\n    <\/div>\r\n  <\/div>\n<\/div>\n\n<div id=\"fscf_div_clear1_1\" style=\"clear:both;\">\n  <div id=\"fscf_div_field1_1\" style=\"clear:left; float:left; width:99%; max-width:550px; margin-right:10px;\">\n    <div style=\"text-align:left; padding-top:5px;\">\n      <label style=\"text-align:left;\" for=\"fscf_email1\">Courriel<span style=\"text-align:left;\">*<\/span><\/label>\n    <\/div>\n    <div style=\"text-align:left;\">\n      <input style=\"text-align:left; margin:0;\" type=\"text\" id=\"fscf_email1\" name=\"email\" value=\"\"  \/>\n    <\/div>\n  <\/div>\n<\/div>\n\n<div id=\"fscf_div_clear1_2\" style=\"clear:both;\">\n  <div id=\"fscf_div_field1_2\" style=\"clear:left; float:left; width:99%; max-width:550px; margin-right:10px;\">\n    <div style=\"text-align:left; padding-top:5px;\">\n      <label style=\"text-align:left;\" for=\"fscf_field1_2\">Phone Number:<span style=\"text-align:left;\">*<\/span><\/label>\n    <\/div>\n    <div style=\"text-align:left;\">\n      <input style=\"text-align:left; margin:0;\" type=\"text\" id=\"fscf_field1_2\" name=\"subject\" value=\"\"  \/>\n    <\/div>\n  <\/div>\n<\/div>\n\n<div id=\"fscf_div_clear1_3\" style=\"clear:both;\">\n  <div id=\"fscf_div_field1_3\" style=\"clear:left; float:left; width:99%; max-width:550px; margin-right:10px;\">\n    <div style=\"text-align:left; padding-top:5px;\">\n      <label style=\"text-align:left;\" for=\"fscf_field1_3\">Message<span style=\"text-align:left;\">*<\/span><\/label>\n    <\/div>\n    <div style=\"text-align:left;\">\n      <textarea style=\"text-align:left; margin:0; width:99%; max-width:250px; height:120px;\" id=\"fscf_field1_3\" name=\"message\" cols=\"30\" rows=\"10\" ><\/textarea>\n    <\/div>\n  <\/div>\n<\/div>\r\n<div style=\"clear:both;\"><\/div>\n\n<div style=\"text-align:left; padding-top:5px;\">\n<\/div>\n<div id=\"fscf_recaptcha1\"><\/div>\n\n<div id=\"fscf_submit_div1\" style=\"text-align:left; padding-top:2px;\">\r\n\t\t<input type=\"submit\" id=\"fscf_submit1\" style=\"cursor:pointer; margin:0;\" value=\"Envoyer\"  onclick=\"this.disabled=true; this.value='Soumis...'; this.form.submit();\" \/> \n<\/div>\n\n<input type=\"hidden\" name=\"fscf_submitted\" value=\"0\" \/>\n<input type=\"hidden\" name=\"fs_postonce_1\" value=\"6ff68474b18b8baf971f1c3acc524f85,1777551258\" \/>\n<input type=\"hidden\" name=\"si_contact_action\" value=\"send\" \/>\n<input type=\"hidden\" name=\"form_id\" value=\"1\" \/>\n<input type=\"hidden\" name=\"mailto_id\" value=\"1\" \/>\n\n<\/form>\n<\/div>\r\n<div style=\"clear:both;\"><\/div>\n\n<!-- Fast Secure Contact Form plugin 4.0.52 - end - FastSecureContactForm.com -->\n<\/p>\n","protected":false},"excerpt":{"rendered":"<p>Nous allons visiter l&#8217;un des monuments religieux les plus valables de Dalmatie &#8211; Cath\u00e9drale de Saint-Jacques datant du 15\u00e8me si\u00e8cle Les cascades de Krka sont situ\u00e9 seulement \u00e0 12 km de la ville. Du&#8230;<\/p>\n","protected":false},"author":1,"featured_media":457,"comment_status":"closed","ping_status":"closed","sticky":false,"template":"","format":"standard","meta":{"footnotes":""},"categories":[16],"tags":[],"class_list":["post-1131","post","type-post","status-publish","format-standard","has-post-thumbnail","hentry","category-attractions"],"yoast_head":"<!-- This site is optimized with the Yoast SEO plugin v25.1 - https:\/\/yoast.com\/wordpress\/plugins\/seo\/ -->\n<title>Hotel Villa Adriatica | Krka - parc national - Toute la journ\u00e9e<\/title>\n<meta name=\"description\" content=\"Nous allons visiter l&#039;un des monuments religieux les plus valables de Dalmatie - Cath\u00e9drale de Saint-Jacques datant du 15\u00e8me si\u00e8cle Les cascades de Krka sont situ\u00e9 seulement \u00e0 12 km de la ville.\" \/>\n<meta name=\"robots\" content=\"index, follow, max-snippet:-1, max-image-preview:large, max-video-preview:-1\" \/>\n<link rel=\"canonical\" href=\"https:\/\/www.villaadriatica.com\/fr\/krka-parc-national\/\" \/>\n<meta property=\"og:locale\" content=\"fr_FR\" \/>\n<meta property=\"og:type\" content=\"article\" \/>\n<meta property=\"og:title\" content=\"Hotel Villa Adriatica | Krka - parc national - Toute la journ\u00e9e\" \/>\n<meta property=\"og:description\" content=\"Nous allons visiter l&#039;un des monuments religieux les plus valables de Dalmatie - Cath\u00e9drale de Saint-Jacques datant du 15\u00e8me si\u00e8cle Les cascades de Krka sont situ\u00e9 seulement \u00e0 12 km de la ville.\" \/>\n<meta property=\"og:url\" content=\"https:\/\/www.villaadriatica.com\/fr\/krka-parc-national\/\" \/>\n<meta property=\"article:published_time\" content=\"2013-01-01T12:00:58+00:00\" \/>\n<meta property=\"article:modified_time\" content=\"2013-10-24T13:19:05+00:00\" \/>\n<meta property=\"og:image\" content=\"https:\/\/www.villaadriatica.com\/wp-content\/uploads\/2013\/07\/Turs-krka-002.jpg\" \/>\n\t<meta property=\"og:image:width\" content=\"900\" \/>\n\t<meta property=\"og:image:height\" content=\"543\" \/>\n\t<meta property=\"og:image:type\" content=\"image\/jpeg\" \/>\n<meta name=\"author\" content=\"Villa Adriatica\" \/>\n<meta name=\"twitter:label1\" content=\"\u00c9crit par\" \/>\n\t<meta name=\"twitter:data1\" content=\"Villa Adriatica\" \/>\n\t<meta name=\"twitter:label2\" content=\"Dur\u00e9e de lecture estim\u00e9e\" \/>\n\t<meta name=\"twitter:data2\" content=\"1 minute\" \/>\n<script type=\"application\/ld+json\" class=\"yoast-schema-graph\">{\"@context\":\"https:\/\/schema.org\",\"@graph\":[{\"@type\":\"WebPage\",\"@id\":\"https:\/\/www.villaadriatica.com\/fr\/krka-parc-national\/\",\"url\":\"https:\/\/www.villaadriatica.com\/fr\/krka-parc-national\/\",\"name\":\"Hotel Villa Adriatica | Krka - parc national - Toute la journ\u00e9e\",\"isPartOf\":{\"@id\":\"https:\/\/www.villaadriatica.com\/hr\/#website\"},\"primaryImageOfPage\":{\"@id\":\"https:\/\/www.villaadriatica.com\/fr\/krka-parc-national\/#primaryimage\"},\"image\":{\"@id\":\"https:\/\/www.villaadriatica.com\/fr\/krka-parc-national\/#primaryimage\"},\"thumbnailUrl\":\"https:\/\/www.villaadriatica.com\/wp-content\/uploads\/2013\/07\/Turs-krka-002.jpg\",\"datePublished\":\"2013-01-01T12:00:58+00:00\",\"dateModified\":\"2013-10-24T13:19:05+00:00\",\"author\":{\"@id\":\"https:\/\/www.villaadriatica.com\/hr\/#\/schema\/person\/4e7ef8225563cb2cb9db504b69e03cbe\"},\"description\":\"Nous allons visiter l'un des monuments religieux les plus valables de Dalmatie - Cath\u00e9drale de Saint-Jacques datant du 15\u00e8me si\u00e8cle Les cascades de Krka sont situ\u00e9 seulement \u00e0 12 km de la ville.\",\"breadcrumb\":{\"@id\":\"https:\/\/www.villaadriatica.com\/fr\/krka-parc-national\/#breadcrumb\"},\"inLanguage\":\"fr-FR\",\"potentialAction\":[{\"@type\":\"ReadAction\",\"target\":[\"https:\/\/www.villaadriatica.com\/fr\/krka-parc-national\/\"]}]},{\"@type\":\"ImageObject\",\"inLanguage\":\"fr-FR\",\"@id\":\"https:\/\/www.villaadriatica.com\/fr\/krka-parc-national\/#primaryimage\",\"url\":\"https:\/\/www.villaadriatica.com\/wp-content\/uploads\/2013\/07\/Turs-krka-002.jpg\",\"contentUrl\":\"https:\/\/www.villaadriatica.com\/wp-content\/uploads\/2013\/07\/Turs-krka-002.jpg\",\"width\":\"900\",\"height\":\"543\"},{\"@type\":\"BreadcrumbList\",\"@id\":\"https:\/\/www.villaadriatica.com\/fr\/krka-parc-national\/#breadcrumb\",\"itemListElement\":[{\"@type\":\"ListItem\",\"position\":1,\"name\":\"Home\",\"item\":\"https:\/\/www.villaadriatica.com\/fr\/\"},{\"@type\":\"ListItem\",\"position\":2,\"name\":\"Krka &#8211; parc national &#8211; Toute la journ\u00e9e\"}]},{\"@type\":\"WebSite\",\"@id\":\"https:\/\/www.villaadriatica.com\/hr\/#website\",\"url\":\"https:\/\/www.villaadriatica.com\/hr\/\",\"name\":\"\",\"description\":\"\",\"potentialAction\":[{\"@type\":\"SearchAction\",\"target\":{\"@type\":\"EntryPoint\",\"urlTemplate\":\"https:\/\/www.villaadriatica.com\/hr\/?s={search_term_string}\"},\"query-input\":{\"@type\":\"PropertyValueSpecification\",\"valueRequired\":true,\"valueName\":\"search_term_string\"}}],\"inLanguage\":\"fr-FR\"},{\"@type\":\"Person\",\"@id\":\"https:\/\/www.villaadriatica.com\/hr\/#\/schema\/person\/4e7ef8225563cb2cb9db504b69e03cbe\",\"name\":\"Villa Adriatica\",\"image\":{\"@type\":\"ImageObject\",\"inLanguage\":\"fr-FR\",\"@id\":\"https:\/\/www.villaadriatica.com\/hr\/#\/schema\/person\/image\/\",\"url\":\"https:\/\/secure.gravatar.com\/avatar\/07178f8d0ed9dc8890097af126568b778aa10884144a948f42fc4a45708b7c16?s=96&d=mm&r=g\",\"contentUrl\":\"https:\/\/secure.gravatar.com\/avatar\/07178f8d0ed9dc8890097af126568b778aa10884144a948f42fc4a45708b7c16?s=96&d=mm&r=g\",\"caption\":\"Villa Adriatica\"},\"url\":\"https:\/\/www.villaadriatica.com\/fr\/author\/villa-adriatica\/\"}]}<\/script>\n<!-- \/ Yoast SEO plugin. -->","yoast_head_json":{"title":"Hotel Villa Adriatica | Krka - parc national - Toute la journ\u00e9e","description":"Nous allons visiter l'un des monuments religieux les plus valables de Dalmatie - Cath\u00e9drale de Saint-Jacques datant du 15\u00e8me si\u00e8cle Les cascades de Krka sont situ\u00e9 seulement \u00e0 12 km de la ville.","robots":{"index":"index","follow":"follow","max-snippet":"max-snippet:-1","max-image-preview":"max-image-preview:large","max-video-preview":"max-video-preview:-1"},"canonical":"https:\/\/www.villaadriatica.com\/fr\/krka-parc-national\/","og_locale":"fr_FR","og_type":"article","og_title":"Hotel Villa Adriatica | Krka - parc national - Toute la journ\u00e9e","og_description":"Nous allons visiter l'un des monuments religieux les plus valables de Dalmatie - Cath\u00e9drale de Saint-Jacques datant du 15\u00e8me si\u00e8cle Les cascades de Krka sont situ\u00e9 seulement \u00e0 12 km de la ville.","og_url":"https:\/\/www.villaadriatica.com\/fr\/krka-parc-national\/","article_published_time":"2013-01-01T12:00:58+00:00","article_modified_time":"2013-10-24T13:19:05+00:00","og_image":[{"width":900,"height":543,"url":"https:\/\/www.villaadriatica.com\/wp-content\/uploads\/2013\/07\/Turs-krka-002.jpg","type":"image\/jpeg"}],"author":"Villa Adriatica","twitter_misc":{"\u00c9crit par":"Villa Adriatica","Dur\u00e9e de lecture estim\u00e9e":"1 minute"},"schema":{"@context":"https:\/\/schema.org","@graph":[{"@type":"WebPage","@id":"https:\/\/www.villaadriatica.com\/fr\/krka-parc-national\/","url":"https:\/\/www.villaadriatica.com\/fr\/krka-parc-national\/","name":"Hotel Villa Adriatica | Krka - parc national - Toute la journ\u00e9e","isPartOf":{"@id":"https:\/\/www.villaadriatica.com\/hr\/#website"},"primaryImageOfPage":{"@id":"https:\/\/www.villaadriatica.com\/fr\/krka-parc-national\/#primaryimage"},"image":{"@id":"https:\/\/www.villaadriatica.com\/fr\/krka-parc-national\/#primaryimage"},"thumbnailUrl":"https:\/\/www.villaadriatica.com\/wp-content\/uploads\/2013\/07\/Turs-krka-002.jpg","datePublished":"2013-01-01T12:00:58+00:00","dateModified":"2013-10-24T13:19:05+00:00","author":{"@id":"https:\/\/www.villaadriatica.com\/hr\/#\/schema\/person\/4e7ef8225563cb2cb9db504b69e03cbe"},"description":"Nous allons visiter l'un des monuments religieux les plus valables de Dalmatie - Cath\u00e9drale de Saint-Jacques datant du 15\u00e8me si\u00e8cle Les cascades de Krka sont situ\u00e9 seulement \u00e0 12 km de la ville.","breadcrumb":{"@id":"https:\/\/www.villaadriatica.com\/fr\/krka-parc-national\/#breadcrumb"},"inLanguage":"fr-FR","potentialAction":[{"@type":"ReadAction","target":["https:\/\/www.villaadriatica.com\/fr\/krka-parc-national\/"]}]},{"@type":"ImageObject","inLanguage":"fr-FR","@id":"https:\/\/www.villaadriatica.com\/fr\/krka-parc-national\/#primaryimage","url":"https:\/\/www.villaadriatica.com\/wp-content\/uploads\/2013\/07\/Turs-krka-002.jpg","contentUrl":"https:\/\/www.villaadriatica.com\/wp-content\/uploads\/2013\/07\/Turs-krka-002.jpg","width":"900","height":"543"},{"@type":"BreadcrumbList","@id":"https:\/\/www.villaadriatica.com\/fr\/krka-parc-national\/#breadcrumb","itemListElement":[{"@type":"ListItem","position":1,"name":"Home","item":"https:\/\/www.villaadriatica.com\/fr\/"},{"@type":"ListItem","position":2,"name":"Krka &#8211; parc national &#8211; Toute la journ\u00e9e"}]},{"@type":"WebSite","@id":"https:\/\/www.villaadriatica.com\/hr\/#website","url":"https:\/\/www.villaadriatica.com\/hr\/","name":"","description":"","potentialAction":[{"@type":"SearchAction","target":{"@type":"EntryPoint","urlTemplate":"https:\/\/www.villaadriatica.com\/hr\/?s={search_term_string}"},"query-input":{"@type":"PropertyValueSpecification","valueRequired":true,"valueName":"search_term_string"}}],"inLanguage":"fr-FR"},{"@type":"Person","@id":"https:\/\/www.villaadriatica.com\/hr\/#\/schema\/person\/4e7ef8225563cb2cb9db504b69e03cbe","name":"Villa Adriatica","image":{"@type":"ImageObject","inLanguage":"fr-FR","@id":"https:\/\/www.villaadriatica.com\/hr\/#\/schema\/person\/image\/","url":"https:\/\/secure.gravatar.com\/avatar\/07178f8d0ed9dc8890097af126568b778aa10884144a948f42fc4a45708b7c16?s=96&d=mm&r=g","contentUrl":"https:\/\/secure.gravatar.com\/avatar\/07178f8d0ed9dc8890097af126568b778aa10884144a948f42fc4a45708b7c16?s=96&d=mm&r=g","caption":"Villa Adriatica"},"url":"https:\/\/www.villaadriatica.com\/fr\/author\/villa-adriatica\/"}]}},"_links":{"self":[{"href":"https:\/\/www.villaadriatica.com\/fr\/wp-json\/wp\/v2\/posts\/1131","targetHints":{"allow":["GET"]}}],"collection":[{"href":"https:\/\/www.villaadriatica.com\/fr\/wp-json\/wp\/v2\/posts"}],"about":[{"href":"https:\/\/www.villaadriatica.com\/fr\/wp-json\/wp\/v2\/types\/post"}],"author":[{"embeddable":true,"href":"https:\/\/www.villaadriatica.com\/fr\/wp-json\/wp\/v2\/users\/1"}],"replies":[{"embeddable":true,"href":"https:\/\/www.villaadriatica.com\/fr\/wp-json\/wp\/v2\/comments?post=1131"}],"version-history":[{"count":3,"href":"https:\/\/www.villaadriatica.com\/fr\/wp-json\/wp\/v2\/posts\/1131\/revisions"}],"predecessor-version":[{"id":1180,"href":"https:\/\/www.villaadriatica.com\/fr\/wp-json\/wp\/v2\/posts\/1131\/revisions\/1180"}],"wp:featuredmedia":[{"embeddable":true,"href":"https:\/\/www.villaadriatica.com\/fr\/wp-json\/wp\/v2\/media\/457"}],"wp:attachment":[{"href":"https:\/\/www.villaadriatica.com\/fr\/wp-json\/wp\/v2\/media?parent=1131"}],"wp:term":[{"taxonomy":"category","embeddable":true,"href":"https:\/\/www.villaadriatica.com\/fr\/wp-json\/wp\/v2\/categories?post=1131"},{"taxonomy":"post_tag","embeddable":true,"href":"https:\/\/www.villaadriatica.com\/fr\/wp-json\/wp\/v2\/tags?post=1131"}],"curies":[{"name":"wp","href":"https:\/\/api.w.org\/{rel}","templated":true}]}}