{"id":1404,"date":"2013-01-01T12:00:58","date_gmt":"2013-01-01T12:00:58","guid":{"rendered":"https:\/\/www.villaadriatica.com\/excursion-krka-waterfalls-2\/"},"modified":"2013-12-09T13:30:41","modified_gmt":"2013-12-09T13:30:41","slug":"parque-nacional-del-rio-krka","status":"publish","type":"post","link":"https:\/\/www.villaadriatica.com\/es\/parque-nacional-del-rio-krka\/","title":{"rendered":"Parque Nacional del R\u00edo Krka &#8211; d\u00eda completo"},"content":{"rendered":"<p>El Parque Nacional del R\u00edo Krka se compone de 72 km. de lagunas y cascadas. Lo m\u00e1s impresionante del paisaje son sus infinitas cascadas de color azul turquesa que le recordar\u00e1n las postales del caribe m\u00e1s amaz\u00f3nico. Una de las visitas inevitables es la del Lago Visovac con 3,5 km. de longitud y cuya profundidad es de 30m. Este emplazamiento dispone de un islote en el que se encuentra el monasterio de Visovac al que se puede acceder en barco. Podr\u00e1 comprar souvenirs o tomar un refresco en los alrededores de la cascada Skaradinski Buk que es uno de los lugares m\u00e1s espectaculares del que podr\u00e1 disfrutar y adem\u00e1s el \u00fanico en el que est\u00e1 permitido el ba\u00f1o. Durante la excursi\u00f3n visitar\u00e1, asimismo, en la ciudad de \u0160ibenik, la famosa catedral de Sv. Jakov del S XV declarada por la UNESCO patrimonio kultural de la humanidad.<div id='gallery-1' class='gallery galleryid-1404 gallery-columns-3 gallery-size-thumbnail'><figure class='gallery-item'>\n\t\t\t<div class='gallery-icon landscape'>\n\t\t\t\t<a href='https:\/\/www.villaadriatica.com\/wp-content\/uploads\/2013\/01\/Turs-krka-002.jpg'><img loading=\"lazy\" decoding=\"async\" width=\"150\" height=\"150\" src=\"https:\/\/www.villaadriatica.com\/wp-content\/uploads\/2013\/01\/Turs-krka-002-150x150.jpg\" class=\"attachment-thumbnail size-thumbnail\" alt=\"\" \/><\/a>\n\t\t\t<\/div><\/figure><figure class='gallery-item'>\n\t\t\t<div class='gallery-icon landscape'>\n\t\t\t\t<a href='https:\/\/www.villaadriatica.com\/wp-content\/uploads\/2013\/01\/Turs-krka-003.jpg'><img loading=\"lazy\" decoding=\"async\" width=\"150\" height=\"150\" src=\"https:\/\/www.villaadriatica.com\/wp-content\/uploads\/2013\/01\/Turs-krka-003-150x150.jpg\" class=\"attachment-thumbnail size-thumbnail\" alt=\"\" \/><\/a>\n\t\t\t<\/div><\/figure><figure class='gallery-item'>\n\t\t\t<div class='gallery-icon landscape'>\n\t\t\t\t<a href='https:\/\/www.villaadriatica.com\/wp-content\/uploads\/2013\/01\/Turs-krka-004.jpg'><img loading=\"lazy\" decoding=\"async\" width=\"150\" height=\"150\" src=\"https:\/\/www.villaadriatica.com\/wp-content\/uploads\/2013\/01\/Turs-krka-004-150x150.jpg\" class=\"attachment-thumbnail size-thumbnail\" alt=\"\" \/><\/a>\n\t\t\t<\/div><\/figure><figure class='gallery-item'>\n\t\t\t<div class='gallery-icon landscape'>\n\t\t\t\t<a href='https:\/\/www.villaadriatica.com\/wp-content\/uploads\/2013\/01\/Turs-krka-005.jpg'><img loading=\"lazy\" decoding=\"async\" width=\"150\" height=\"150\" src=\"https:\/\/www.villaadriatica.com\/wp-content\/uploads\/2013\/01\/Turs-krka-005-150x150.jpg\" class=\"attachment-thumbnail size-thumbnail\" alt=\"\" \/><\/a>\n\t\t\t<\/div><\/figure><figure class='gallery-item'>\n\t\t\t<div class='gallery-icon landscape'>\n\t\t\t\t<a href='https:\/\/www.villaadriatica.com\/wp-content\/uploads\/2013\/01\/Turs-krka-006.jpg'><img loading=\"lazy\" decoding=\"async\" width=\"150\" height=\"150\" src=\"https:\/\/www.villaadriatica.com\/wp-content\/uploads\/2013\/01\/Turs-krka-006-150x150.jpg\" class=\"attachment-thumbnail size-thumbnail\" alt=\"\" \/><\/a>\n\t\t\t<\/div><\/figure><figure class='gallery-item'>\n\t\t\t<div class='gallery-icon landscape'>\n\t\t\t\t<a href='https:\/\/www.villaadriatica.com\/wp-content\/uploads\/2013\/01\/Turs-krka-007.jpg'><img loading=\"lazy\" decoding=\"async\" width=\"150\" height=\"150\" src=\"https:\/\/www.villaadriatica.com\/wp-content\/uploads\/2013\/01\/Turs-krka-007-150x150.jpg\" class=\"attachment-thumbnail size-thumbnail\" alt=\"\" \/><\/a>\n\t\t\t<\/div><\/figure><figure class='gallery-item'>\n\t\t\t<div class='gallery-icon landscape'>\n\t\t\t\t<a href='https:\/\/www.villaadriatica.com\/wp-content\/uploads\/2013\/01\/Turs-krka-008.jpg'><img loading=\"lazy\" decoding=\"async\" width=\"150\" height=\"150\" src=\"https:\/\/www.villaadriatica.com\/wp-content\/uploads\/2013\/01\/Turs-krka-008-150x150.jpg\" class=\"attachment-thumbnail size-thumbnail\" alt=\"\" \/><\/a>\n\t\t\t<\/div><\/figure><figure class='gallery-item'>\n\t\t\t<div class='gallery-icon landscape'>\n\t\t\t\t<a href='https:\/\/www.villaadriatica.com\/wp-content\/uploads\/2013\/01\/Turs-krka-009.jpg'><img loading=\"lazy\" decoding=\"async\" width=\"150\" height=\"150\" src=\"https:\/\/www.villaadriatica.com\/wp-content\/uploads\/2013\/01\/Turs-krka-009-150x150.jpg\" class=\"attachment-thumbnail size-thumbnail\" alt=\"\" \/><\/a>\n\t\t\t<\/div><\/figure><figure class='gallery-item'>\n\t\t\t<div class='gallery-icon landscape'>\n\t\t\t\t<a href='https:\/\/www.villaadriatica.com\/wp-content\/uploads\/2013\/01\/Turs-krka-010.jpg'><img loading=\"lazy\" decoding=\"async\" width=\"150\" height=\"150\" src=\"https:\/\/www.villaadriatica.com\/wp-content\/uploads\/2013\/01\/Turs-krka-010-150x150.jpg\" class=\"attachment-thumbnail size-thumbnail\" alt=\"\" \/><\/a>\n\t\t\t<\/div><\/figure>\n\t\t<\/div>\n<\/p>\n<p><!-- Social Ring Buttons Start --><div class=\"social-ring\">\n<div class=\"social-ring-button\"><fb:like href=\"https:\/\/www.villaadriatica.com\/es\/parque-nacional-del-rio-krka\/\" showfaces=\"false\" layout=\"button_count\" action=\"like\"><\/fb:like><\/div>\n<div class=\"social-ring-button\"><a href=\"https:\/\/www.facebook.com\/sharer\/sharer.php?s=100&p[url]=https:\/\/www.villaadriatica.com\/es\/parque-nacional-del-rio-krka\/\" target=\"_blank\"\n\t\t\t\t\t\t\tonclick=\"window.open('https:\/\/www.facebook.com\/sharer\/sharer.php?s=100&p[url]=https:\/\/www.villaadriatica.com\/es\/parque-nacional-del-rio-krka\/', 'newwindow', 'width=600, height=450'); return false;\" >\n\t\t\t\t\t\t\t<img decoding=\"async\" style=\"display:block; background: none; padding: 0px; border:0px;\" src=\"https:\/\/www.villaadriatica.com\/wp-content\/plugins\/wordpress-social-ring\/includes\/..\/admin\/images\/sr-fb-share.png\" alt=\"Share\"\/>\n\t\t\t\t\t\t<\/a><\/div>\n<div class=\"social-ring-button\"><a rel=\"nofollow\" href=\"http:\/\/twitter.com\/share\" lang=\"en\" data-url=\"https:\/\/www.villaadriatica.com\/es\/parque-nacional-del-rio-krka\/\" data-text=\"Parque Nacional del R\u00edo Krka - d\u00eda completo\" data-count=\"horizontal\" class=\"sr-twitter-button twitter-share-button\"><\/a><\/div>\n<div class=\"social-ring-button\"><div class=\"g-plusone\" data-href=\"https:\/\/www.villaadriatica.com\/es\/parque-nacional-del-rio-krka\/\" data-size=\"medium\" ><\/div><\/div>\n<div class=\"social-ring-button\"><a rel=\"nofollow\" href=\"http:\/\/pinterest.com\/pin\/create\/button\/?url=https%3A%2F%2Fwww.villaadriatica.com%2Fes%2Fparque-nacional-del-rio-krka%2F&media=https%3A%2F%2Fwww.villaadriatica.com%2Fwp-content%2Fuploads%2F2013%2F07%2FTurs-krka-002.jpg&description=Parque+Nacional+del+R%C3%ADo+Krka+-+d%C3%ADa+completo\" class=\"pin-it-button\"count-layout=\"horizontal\"><\/a><\/div>\n<\/div><!-- Social Ring Buttons End -->\n<br \/>\n<strong>Price:<\/strong>\u00a0<del><em>400 EUR<\/em><\/del> now <strong>250 EUR<\/strong><br \/>\n<strong>Price includes:<\/strong> full-day Mercedes Viano rental, a driver, fuel, VAT 25%<br \/>\nPrice does not include:\u00a0entrance tickets to the National Park<br \/>\n<strong>Departure:<\/strong> from the port of Split, or by arrangement.<\/p>\n<p><strong><span style=\"color: #ff6600;\">Order Excursion<\/span><\/strong> \u2794 Krka Waterfalls National Park<br \/>\n\n\n<!-- Fast Secure Contact Form plugin 4.0.52 - begin - FastSecureContactForm.com -->\r\n<div style=\"clear:both;\"><\/div>\n\r\n<div id=\"FSContact1\" style=\"width:600px;\">\r\n<form action=\"https:\/\/www.villaadriatica.com\/es\/wp-json\/wp\/v2\/posts\/1404#FSContact1\" id=\"fscf_form1\" method=\"post\">\r\n\n<div id=\"fscf_div_clear1_0\" style=\"clear:both;\">\n  <div id=\"fscf_div_field1_0\" style=\"clear:left; float:left; width:99%; max-width:550px; margin-right:10px;\">\r\n    <div style=\"text-align:left; padding-top:5px;\">\n      <label style=\"text-align:left;\" for=\"fscf_name1\">Nombre:<span style=\"text-align:left;\">*<\/span><\/label>\n    <\/div>\r\n    <div style=\"text-align:left;\">\r\n      <input style=\"text-align:left; margin:0;\" type=\"text\" id=\"fscf_name1\" name=\"full_name\" value=\"\"  \/>\r\n    <\/div>\r\n  <\/div>\n<\/div>\n\n<div id=\"fscf_div_clear1_1\" style=\"clear:both;\">\n  <div id=\"fscf_div_field1_1\" style=\"clear:left; float:left; width:99%; max-width:550px; margin-right:10px;\">\n    <div style=\"text-align:left; padding-top:5px;\">\n      <label style=\"text-align:left;\" for=\"fscf_email1\">Correo Electr\u00f3nico:<span style=\"text-align:left;\">*<\/span><\/label>\n    <\/div>\n    <div style=\"text-align:left;\">\n      <input style=\"text-align:left; margin:0;\" type=\"text\" id=\"fscf_email1\" name=\"email\" value=\"\"  \/>\n    <\/div>\n  <\/div>\n<\/div>\n\n<div id=\"fscf_div_clear1_2\" style=\"clear:both;\">\n  <div id=\"fscf_div_field1_2\" style=\"clear:left; float:left; width:99%; max-width:550px; margin-right:10px;\">\n    <div style=\"text-align:left; padding-top:5px;\">\n      <label style=\"text-align:left;\" for=\"fscf_field1_2\">Phone Number:<span style=\"text-align:left;\">*<\/span><\/label>\n    <\/div>\n    <div style=\"text-align:left;\">\n      <input style=\"text-align:left; margin:0;\" type=\"text\" id=\"fscf_field1_2\" name=\"subject\" value=\"\"  \/>\n    <\/div>\n  <\/div>\n<\/div>\n\n<div id=\"fscf_div_clear1_3\" style=\"clear:both;\">\n  <div id=\"fscf_div_field1_3\" style=\"clear:left; float:left; width:99%; max-width:550px; margin-right:10px;\">\n    <div style=\"text-align:left; padding-top:5px;\">\n      <label style=\"text-align:left;\" for=\"fscf_field1_3\">Mensaje:<span style=\"text-align:left;\">*<\/span><\/label>\n    <\/div>\n    <div style=\"text-align:left;\">\n      <textarea style=\"text-align:left; margin:0; width:99%; max-width:250px; height:120px;\" id=\"fscf_field1_3\" name=\"message\" cols=\"30\" rows=\"10\" ><\/textarea>\n    <\/div>\n  <\/div>\n<\/div>\r\n<div style=\"clear:both;\"><\/div>\n\n<div style=\"text-align:left; padding-top:5px;\">\n<\/div>\n<div id=\"fscf_recaptcha1\"><\/div>\n\n<div id=\"fscf_submit_div1\" style=\"text-align:left; padding-top:2px;\">\r\n\t\t<input type=\"submit\" id=\"fscf_submit1\" style=\"cursor:pointer; margin:0;\" value=\"Enviar\"  onclick=\"this.disabled=true; this.value='Enviando....'; this.form.submit();\" \/> \n<\/div>\n\n<input type=\"hidden\" name=\"fscf_submitted\" value=\"0\" \/>\n<input type=\"hidden\" name=\"fs_postonce_1\" value=\"400e3685f611cc1143f505015c98075d,1777799953\" \/>\n<input type=\"hidden\" name=\"si_contact_action\" value=\"send\" \/>\n<input type=\"hidden\" name=\"form_id\" value=\"1\" \/>\n<input type=\"hidden\" name=\"mailto_id\" value=\"1\" \/>\n\n<\/form>\n<\/div>\r\n<div style=\"clear:both;\"><\/div>\n\n<!-- Fast Secure Contact Form plugin 4.0.52 - end - FastSecureContactForm.com -->\n<\/p>\n","protected":false},"excerpt":{"rendered":"<p>El Parque Nacional del R\u00edo Krka se compone de 72 km. de lagunas y cascadas. Lo m\u00e1s impresionante del paisaje son sus infinitas cascadas de color azul turquesa que le recordar\u00e1n las postales del&#8230;<\/p>\n","protected":false},"author":1,"featured_media":457,"comment_status":"closed","ping_status":"closed","sticky":false,"template":"","format":"standard","meta":{"footnotes":""},"categories":[19],"tags":[],"class_list":["post-1404","post","type-post","status-publish","format-standard","has-post-thumbnail","hentry","category-atracciones"],"yoast_head":"<!-- This site is optimized with the Yoast SEO plugin v25.1 - https:\/\/yoast.com\/wordpress\/plugins\/seo\/ -->\n<title>Hotel Villa Adriatica | Parque Nacional del R\u00edo Krka - d\u00eda completo<\/title>\n<meta name=\"description\" content=\"El Parque Nacional del R\u00edo Krka se compone de 72 km. de lagunas y cascadas. Lo m\u00e1s impresionante del paisaje son sus infinitas cascadas de color azul turquesa que le recordar\u00e1n las postales del caribe m\u00e1s amaz\u00f3nico.\" \/>\n<meta name=\"robots\" content=\"index, follow, max-snippet:-1, max-image-preview:large, max-video-preview:-1\" \/>\n<link rel=\"canonical\" href=\"https:\/\/www.villaadriatica.com\/es\/parque-nacional-del-rio-krka\/\" \/>\n<meta property=\"og:locale\" content=\"es_ES\" \/>\n<meta property=\"og:type\" content=\"article\" \/>\n<meta property=\"og:title\" content=\"Hotel Villa Adriatica | Parque Nacional del R\u00edo Krka - d\u00eda completo\" \/>\n<meta property=\"og:description\" content=\"El Parque Nacional del R\u00edo Krka se compone de 72 km. de lagunas y cascadas. Lo m\u00e1s impresionante del paisaje son sus infinitas cascadas de color azul turquesa que le recordar\u00e1n las postales del caribe m\u00e1s amaz\u00f3nico.\" \/>\n<meta property=\"og:url\" content=\"https:\/\/www.villaadriatica.com\/es\/parque-nacional-del-rio-krka\/\" \/>\n<meta property=\"article:published_time\" content=\"2013-01-01T12:00:58+00:00\" \/>\n<meta property=\"article:modified_time\" content=\"2013-12-09T13:30:41+00:00\" \/>\n<meta property=\"og:image\" content=\"https:\/\/www.villaadriatica.com\/wp-content\/uploads\/2013\/07\/Turs-krka-002.jpg\" \/>\n\t<meta property=\"og:image:width\" content=\"900\" \/>\n\t<meta property=\"og:image:height\" content=\"543\" \/>\n\t<meta property=\"og:image:type\" content=\"image\/jpeg\" \/>\n<meta name=\"author\" content=\"Villa Adriatica\" \/>\n<meta name=\"twitter:label1\" content=\"Escrito por\" \/>\n\t<meta name=\"twitter:data1\" content=\"Villa Adriatica\" \/>\n\t<meta name=\"twitter:label2\" content=\"Tiempo de lectura\" \/>\n\t<meta name=\"twitter:data2\" content=\"1 minuto\" \/>\n<script type=\"application\/ld+json\" class=\"yoast-schema-graph\">{\"@context\":\"https:\/\/schema.org\",\"@graph\":[{\"@type\":\"WebPage\",\"@id\":\"https:\/\/www.villaadriatica.com\/es\/parque-nacional-del-rio-krka\/\",\"url\":\"https:\/\/www.villaadriatica.com\/es\/parque-nacional-del-rio-krka\/\",\"name\":\"Hotel Villa Adriatica | Parque Nacional del R\u00edo Krka - d\u00eda completo\",\"isPartOf\":{\"@id\":\"https:\/\/www.villaadriatica.com\/hr\/#website\"},\"primaryImageOfPage\":{\"@id\":\"https:\/\/www.villaadriatica.com\/es\/parque-nacional-del-rio-krka\/#primaryimage\"},\"image\":{\"@id\":\"https:\/\/www.villaadriatica.com\/es\/parque-nacional-del-rio-krka\/#primaryimage\"},\"thumbnailUrl\":\"https:\/\/www.villaadriatica.com\/wp-content\/uploads\/2013\/07\/Turs-krka-002.jpg\",\"datePublished\":\"2013-01-01T12:00:58+00:00\",\"dateModified\":\"2013-12-09T13:30:41+00:00\",\"author\":{\"@id\":\"https:\/\/www.villaadriatica.com\/hr\/#\/schema\/person\/4e7ef8225563cb2cb9db504b69e03cbe\"},\"description\":\"El Parque Nacional del R\u00edo Krka se compone de 72 km. de lagunas y cascadas. Lo m\u00e1s impresionante del paisaje son sus infinitas cascadas de color azul turquesa que le recordar\u00e1n las postales del caribe m\u00e1s amaz\u00f3nico.\",\"breadcrumb\":{\"@id\":\"https:\/\/www.villaadriatica.com\/es\/parque-nacional-del-rio-krka\/#breadcrumb\"},\"inLanguage\":\"es\",\"potentialAction\":[{\"@type\":\"ReadAction\",\"target\":[\"https:\/\/www.villaadriatica.com\/es\/parque-nacional-del-rio-krka\/\"]}]},{\"@type\":\"ImageObject\",\"inLanguage\":\"es\",\"@id\":\"https:\/\/www.villaadriatica.com\/es\/parque-nacional-del-rio-krka\/#primaryimage\",\"url\":\"https:\/\/www.villaadriatica.com\/wp-content\/uploads\/2013\/07\/Turs-krka-002.jpg\",\"contentUrl\":\"https:\/\/www.villaadriatica.com\/wp-content\/uploads\/2013\/07\/Turs-krka-002.jpg\",\"width\":\"900\",\"height\":\"543\"},{\"@type\":\"BreadcrumbList\",\"@id\":\"https:\/\/www.villaadriatica.com\/es\/parque-nacional-del-rio-krka\/#breadcrumb\",\"itemListElement\":[{\"@type\":\"ListItem\",\"position\":1,\"name\":\"Home\",\"item\":\"https:\/\/www.villaadriatica.com\/es\/\"},{\"@type\":\"ListItem\",\"position\":2,\"name\":\"Parque Nacional del R\u00edo Krka &#8211; d\u00eda completo\"}]},{\"@type\":\"WebSite\",\"@id\":\"https:\/\/www.villaadriatica.com\/hr\/#website\",\"url\":\"https:\/\/www.villaadriatica.com\/hr\/\",\"name\":\"\",\"description\":\"\",\"potentialAction\":[{\"@type\":\"SearchAction\",\"target\":{\"@type\":\"EntryPoint\",\"urlTemplate\":\"https:\/\/www.villaadriatica.com\/hr\/?s={search_term_string}\"},\"query-input\":{\"@type\":\"PropertyValueSpecification\",\"valueRequired\":true,\"valueName\":\"search_term_string\"}}],\"inLanguage\":\"es\"},{\"@type\":\"Person\",\"@id\":\"https:\/\/www.villaadriatica.com\/hr\/#\/schema\/person\/4e7ef8225563cb2cb9db504b69e03cbe\",\"name\":\"Villa Adriatica\",\"image\":{\"@type\":\"ImageObject\",\"inLanguage\":\"es\",\"@id\":\"https:\/\/www.villaadriatica.com\/hr\/#\/schema\/person\/image\/\",\"url\":\"https:\/\/secure.gravatar.com\/avatar\/07178f8d0ed9dc8890097af126568b778aa10884144a948f42fc4a45708b7c16?s=96&d=mm&r=g\",\"contentUrl\":\"https:\/\/secure.gravatar.com\/avatar\/07178f8d0ed9dc8890097af126568b778aa10884144a948f42fc4a45708b7c16?s=96&d=mm&r=g\",\"caption\":\"Villa Adriatica\"},\"url\":\"https:\/\/www.villaadriatica.com\/es\/author\/villa-adriatica\/\"}]}<\/script>\n<!-- \/ Yoast SEO plugin. -->","yoast_head_json":{"title":"Hotel Villa Adriatica | Parque Nacional del R\u00edo Krka - d\u00eda completo","description":"El Parque Nacional del R\u00edo Krka se compone de 72 km. de lagunas y cascadas. Lo m\u00e1s impresionante del paisaje son sus infinitas cascadas de color azul turquesa que le recordar\u00e1n las postales del caribe m\u00e1s amaz\u00f3nico.","robots":{"index":"index","follow":"follow","max-snippet":"max-snippet:-1","max-image-preview":"max-image-preview:large","max-video-preview":"max-video-preview:-1"},"canonical":"https:\/\/www.villaadriatica.com\/es\/parque-nacional-del-rio-krka\/","og_locale":"es_ES","og_type":"article","og_title":"Hotel Villa Adriatica | Parque Nacional del R\u00edo Krka - d\u00eda completo","og_description":"El Parque Nacional del R\u00edo Krka se compone de 72 km. de lagunas y cascadas. Lo m\u00e1s impresionante del paisaje son sus infinitas cascadas de color azul turquesa que le recordar\u00e1n las postales del caribe m\u00e1s amaz\u00f3nico.","og_url":"https:\/\/www.villaadriatica.com\/es\/parque-nacional-del-rio-krka\/","article_published_time":"2013-01-01T12:00:58+00:00","article_modified_time":"2013-12-09T13:30:41+00:00","og_image":[{"width":900,"height":543,"url":"https:\/\/www.villaadriatica.com\/wp-content\/uploads\/2013\/07\/Turs-krka-002.jpg","type":"image\/jpeg"}],"author":"Villa Adriatica","twitter_misc":{"Escrito por":"Villa Adriatica","Tiempo de lectura":"1 minuto"},"schema":{"@context":"https:\/\/schema.org","@graph":[{"@type":"WebPage","@id":"https:\/\/www.villaadriatica.com\/es\/parque-nacional-del-rio-krka\/","url":"https:\/\/www.villaadriatica.com\/es\/parque-nacional-del-rio-krka\/","name":"Hotel Villa Adriatica | Parque Nacional del R\u00edo Krka - d\u00eda completo","isPartOf":{"@id":"https:\/\/www.villaadriatica.com\/hr\/#website"},"primaryImageOfPage":{"@id":"https:\/\/www.villaadriatica.com\/es\/parque-nacional-del-rio-krka\/#primaryimage"},"image":{"@id":"https:\/\/www.villaadriatica.com\/es\/parque-nacional-del-rio-krka\/#primaryimage"},"thumbnailUrl":"https:\/\/www.villaadriatica.com\/wp-content\/uploads\/2013\/07\/Turs-krka-002.jpg","datePublished":"2013-01-01T12:00:58+00:00","dateModified":"2013-12-09T13:30:41+00:00","author":{"@id":"https:\/\/www.villaadriatica.com\/hr\/#\/schema\/person\/4e7ef8225563cb2cb9db504b69e03cbe"},"description":"El Parque Nacional del R\u00edo Krka se compone de 72 km. de lagunas y cascadas. Lo m\u00e1s impresionante del paisaje son sus infinitas cascadas de color azul turquesa que le recordar\u00e1n las postales del caribe m\u00e1s amaz\u00f3nico.","breadcrumb":{"@id":"https:\/\/www.villaadriatica.com\/es\/parque-nacional-del-rio-krka\/#breadcrumb"},"inLanguage":"es","potentialAction":[{"@type":"ReadAction","target":["https:\/\/www.villaadriatica.com\/es\/parque-nacional-del-rio-krka\/"]}]},{"@type":"ImageObject","inLanguage":"es","@id":"https:\/\/www.villaadriatica.com\/es\/parque-nacional-del-rio-krka\/#primaryimage","url":"https:\/\/www.villaadriatica.com\/wp-content\/uploads\/2013\/07\/Turs-krka-002.jpg","contentUrl":"https:\/\/www.villaadriatica.com\/wp-content\/uploads\/2013\/07\/Turs-krka-002.jpg","width":"900","height":"543"},{"@type":"BreadcrumbList","@id":"https:\/\/www.villaadriatica.com\/es\/parque-nacional-del-rio-krka\/#breadcrumb","itemListElement":[{"@type":"ListItem","position":1,"name":"Home","item":"https:\/\/www.villaadriatica.com\/es\/"},{"@type":"ListItem","position":2,"name":"Parque Nacional del R\u00edo Krka &#8211; d\u00eda completo"}]},{"@type":"WebSite","@id":"https:\/\/www.villaadriatica.com\/hr\/#website","url":"https:\/\/www.villaadriatica.com\/hr\/","name":"","description":"","potentialAction":[{"@type":"SearchAction","target":{"@type":"EntryPoint","urlTemplate":"https:\/\/www.villaadriatica.com\/hr\/?s={search_term_string}"},"query-input":{"@type":"PropertyValueSpecification","valueRequired":true,"valueName":"search_term_string"}}],"inLanguage":"es"},{"@type":"Person","@id":"https:\/\/www.villaadriatica.com\/hr\/#\/schema\/person\/4e7ef8225563cb2cb9db504b69e03cbe","name":"Villa Adriatica","image":{"@type":"ImageObject","inLanguage":"es","@id":"https:\/\/www.villaadriatica.com\/hr\/#\/schema\/person\/image\/","url":"https:\/\/secure.gravatar.com\/avatar\/07178f8d0ed9dc8890097af126568b778aa10884144a948f42fc4a45708b7c16?s=96&d=mm&r=g","contentUrl":"https:\/\/secure.gravatar.com\/avatar\/07178f8d0ed9dc8890097af126568b778aa10884144a948f42fc4a45708b7c16?s=96&d=mm&r=g","caption":"Villa Adriatica"},"url":"https:\/\/www.villaadriatica.com\/es\/author\/villa-adriatica\/"}]}},"_links":{"self":[{"href":"https:\/\/www.villaadriatica.com\/es\/wp-json\/wp\/v2\/posts\/1404","targetHints":{"allow":["GET"]}}],"collection":[{"href":"https:\/\/www.villaadriatica.com\/es\/wp-json\/wp\/v2\/posts"}],"about":[{"href":"https:\/\/www.villaadriatica.com\/es\/wp-json\/wp\/v2\/types\/post"}],"author":[{"embeddable":true,"href":"https:\/\/www.villaadriatica.com\/es\/wp-json\/wp\/v2\/users\/1"}],"replies":[{"embeddable":true,"href":"https:\/\/www.villaadriatica.com\/es\/wp-json\/wp\/v2\/comments?post=1404"}],"version-history":[{"count":7,"href":"https:\/\/www.villaadriatica.com\/es\/wp-json\/wp\/v2\/posts\/1404\/revisions"}],"predecessor-version":[{"id":1405,"href":"https:\/\/www.villaadriatica.com\/es\/wp-json\/wp\/v2\/posts\/1404\/revisions\/1405"}],"wp:featuredmedia":[{"embeddable":true,"href":"https:\/\/www.villaadriatica.com\/es\/wp-json\/wp\/v2\/media\/457"}],"wp:attachment":[{"href":"https:\/\/www.villaadriatica.com\/es\/wp-json\/wp\/v2\/media?parent=1404"}],"wp:term":[{"taxonomy":"category","embeddable":true,"href":"https:\/\/www.villaadriatica.com\/es\/wp-json\/wp\/v2\/categories?post=1404"},{"taxonomy":"post_tag","embeddable":true,"href":"https:\/\/www.villaadriatica.com\/es\/wp-json\/wp\/v2\/tags?post=1404"}],"curies":[{"name":"wp","href":"https:\/\/api.w.org\/{rel}","templated":true}]}}