{"id":1647,"date":"2013-01-01T12:00:58","date_gmt":"2013-01-01T12:00:58","guid":{"rendered":"https:\/\/www.villaadriatica.com\/excursion-krka-waterfalls-2\/"},"modified":"2014-01-05T16:21:44","modified_gmt":"2014-01-05T16:21:44","slug":"krka-national-park","status":"publish","type":"post","link":"https:\/\/www.villaadriatica.com\/de\/krka-national-park\/","title":{"rendered":"Krka &#8211; National park"},"content":{"rendered":"<p>Krka &#8211; National park\u00a0&#8211; ein Tagesausflug Wir besuchen eine der wertvollsten religi\u00f6sen Monumente in Dalmatien &#8211; Kathedrale von St.. James aus dem 15. Jahrhundert nur 12 km von Sibenik gibt es Wasserf\u00e4lle des Krka-Flusses. In einer nat\u00fcrlichen Umgebung, der das Wasser des Flusses Wasserf\u00e4lle st\u00fcrzen \u00fcber 17 nat\u00fcrliche Barrieren machen unz\u00e4hlige gro\u00dfe und kleine Wasserf\u00e4lle, und zur gleichen Zeit eine H\u00f6hendifferenz von 45 m das ist, wo die Sch\u00f6nheit des Nationalparks in den Vordergrund durch den ewigen Tanz der Sonne und Wasser. F\u00fchlen Sie sich frei zu laufen, zu schwimmen oder Fotografieren malerische Landschaft.<div id='gallery-1' class='gallery galleryid-1647 gallery-columns-3 gallery-size-thumbnail'><figure class='gallery-item'>\n\t\t\t<div class='gallery-icon landscape'>\n\t\t\t\t<a href='https:\/\/www.villaadriatica.com\/wp-content\/uploads\/2013\/01\/Turs-krka-0021.jpg'><img loading=\"lazy\" decoding=\"async\" width=\"150\" height=\"150\" src=\"https:\/\/www.villaadriatica.com\/wp-content\/uploads\/2013\/01\/Turs-krka-0021-150x150.jpg\" class=\"attachment-thumbnail size-thumbnail\" alt=\"\" \/><\/a>\n\t\t\t<\/div><\/figure><figure class='gallery-item'>\n\t\t\t<div class='gallery-icon landscape'>\n\t\t\t\t<a href='https:\/\/www.villaadriatica.com\/wp-content\/uploads\/2013\/01\/Turs-krka-0031.jpg'><img loading=\"lazy\" decoding=\"async\" width=\"150\" height=\"150\" src=\"https:\/\/www.villaadriatica.com\/wp-content\/uploads\/2013\/01\/Turs-krka-0031-150x150.jpg\" class=\"attachment-thumbnail size-thumbnail\" alt=\"\" \/><\/a>\n\t\t\t<\/div><\/figure><figure class='gallery-item'>\n\t\t\t<div class='gallery-icon landscape'>\n\t\t\t\t<a href='https:\/\/www.villaadriatica.com\/wp-content\/uploads\/2013\/01\/Turs-krka-0041.jpg'><img loading=\"lazy\" decoding=\"async\" width=\"150\" height=\"150\" src=\"https:\/\/www.villaadriatica.com\/wp-content\/uploads\/2013\/01\/Turs-krka-0041-150x150.jpg\" class=\"attachment-thumbnail size-thumbnail\" alt=\"\" \/><\/a>\n\t\t\t<\/div><\/figure><figure class='gallery-item'>\n\t\t\t<div class='gallery-icon landscape'>\n\t\t\t\t<a href='https:\/\/www.villaadriatica.com\/wp-content\/uploads\/2013\/01\/Turs-krka-0051.jpg'><img loading=\"lazy\" decoding=\"async\" width=\"150\" height=\"150\" src=\"https:\/\/www.villaadriatica.com\/wp-content\/uploads\/2013\/01\/Turs-krka-0051-150x150.jpg\" class=\"attachment-thumbnail size-thumbnail\" alt=\"\" \/><\/a>\n\t\t\t<\/div><\/figure><figure class='gallery-item'>\n\t\t\t<div class='gallery-icon landscape'>\n\t\t\t\t<a href='https:\/\/www.villaadriatica.com\/wp-content\/uploads\/2013\/01\/Turs-krka-0061.jpg'><img loading=\"lazy\" decoding=\"async\" width=\"150\" height=\"150\" src=\"https:\/\/www.villaadriatica.com\/wp-content\/uploads\/2013\/01\/Turs-krka-0061-150x150.jpg\" class=\"attachment-thumbnail size-thumbnail\" alt=\"\" \/><\/a>\n\t\t\t<\/div><\/figure><figure class='gallery-item'>\n\t\t\t<div class='gallery-icon landscape'>\n\t\t\t\t<a href='https:\/\/www.villaadriatica.com\/wp-content\/uploads\/2013\/01\/Turs-krka-0071.jpg'><img loading=\"lazy\" decoding=\"async\" width=\"150\" height=\"150\" src=\"https:\/\/www.villaadriatica.com\/wp-content\/uploads\/2013\/01\/Turs-krka-0071-150x150.jpg\" class=\"attachment-thumbnail size-thumbnail\" alt=\"\" \/><\/a>\n\t\t\t<\/div><\/figure><figure class='gallery-item'>\n\t\t\t<div class='gallery-icon landscape'>\n\t\t\t\t<a href='https:\/\/www.villaadriatica.com\/wp-content\/uploads\/2013\/01\/Turs-krka-0081.jpg'><img loading=\"lazy\" decoding=\"async\" width=\"150\" height=\"150\" src=\"https:\/\/www.villaadriatica.com\/wp-content\/uploads\/2013\/01\/Turs-krka-0081-150x150.jpg\" class=\"attachment-thumbnail size-thumbnail\" alt=\"\" \/><\/a>\n\t\t\t<\/div><\/figure><figure class='gallery-item'>\n\t\t\t<div class='gallery-icon landscape'>\n\t\t\t\t<a href='https:\/\/www.villaadriatica.com\/wp-content\/uploads\/2013\/01\/Turs-krka-0091.jpg'><img loading=\"lazy\" decoding=\"async\" width=\"150\" height=\"150\" src=\"https:\/\/www.villaadriatica.com\/wp-content\/uploads\/2013\/01\/Turs-krka-0091-150x150.jpg\" class=\"attachment-thumbnail size-thumbnail\" alt=\"\" \/><\/a>\n\t\t\t<\/div><\/figure><figure class='gallery-item'>\n\t\t\t<div class='gallery-icon landscape'>\n\t\t\t\t<a href='https:\/\/www.villaadriatica.com\/wp-content\/uploads\/2013\/01\/Turs-krka-0101.jpg'><img loading=\"lazy\" decoding=\"async\" width=\"150\" height=\"150\" src=\"https:\/\/www.villaadriatica.com\/wp-content\/uploads\/2013\/01\/Turs-krka-0101-150x150.jpg\" class=\"attachment-thumbnail size-thumbnail\" alt=\"\" \/><\/a>\n\t\t\t<\/div><\/figure>\n\t\t<\/div>\n<\/p>\n<p><!-- Social Ring Buttons Start --><div class=\"social-ring\">\n<div class=\"social-ring-button\"><fb:like href=\"https:\/\/www.villaadriatica.com\/de\/krka-national-park\/\" showfaces=\"false\" layout=\"button_count\" action=\"like\"><\/fb:like><\/div>\n<div class=\"social-ring-button\"><a href=\"https:\/\/www.facebook.com\/sharer\/sharer.php?s=100&p[url]=https:\/\/www.villaadriatica.com\/de\/krka-national-park\/\" target=\"_blank\"\n\t\t\t\t\t\t\tonclick=\"window.open('https:\/\/www.facebook.com\/sharer\/sharer.php?s=100&p[url]=https:\/\/www.villaadriatica.com\/de\/krka-national-park\/', 'newwindow', 'width=600, height=450'); return false;\" >\n\t\t\t\t\t\t\t<img decoding=\"async\" style=\"display:block; background: none; padding: 0px; border:0px;\" src=\"https:\/\/www.villaadriatica.com\/wp-content\/plugins\/wordpress-social-ring\/includes\/..\/admin\/images\/sr-fb-share.png\" alt=\"Share\"\/>\n\t\t\t\t\t\t<\/a><\/div>\n<div class=\"social-ring-button\"><a rel=\"nofollow\" href=\"http:\/\/twitter.com\/share\" lang=\"en\" data-url=\"https:\/\/www.villaadriatica.com\/de\/krka-national-park\/\" data-text=\"Krka - National park\" data-count=\"horizontal\" class=\"sr-twitter-button twitter-share-button\"><\/a><\/div>\n<div class=\"social-ring-button\"><div class=\"g-plusone\" data-href=\"https:\/\/www.villaadriatica.com\/de\/krka-national-park\/\" data-size=\"medium\" ><\/div><\/div>\n<div class=\"social-ring-button\"><a rel=\"nofollow\" href=\"http:\/\/pinterest.com\/pin\/create\/button\/?url=https%3A%2F%2Fwww.villaadriatica.com%2Fde%2Fkrka-national-park%2F&media=https%3A%2F%2Fwww.villaadriatica.com%2Fwp-content%2Fuploads%2F2013%2F07%2FTurs-krka-002.jpg&description=Krka+-+National+park\" class=\"pin-it-button\"count-layout=\"horizontal\"><\/a><\/div>\n<\/div><!-- Social Ring Buttons End -->\n<br \/>\n<strong>Price:<\/strong>\u00a0<del><em>400 EUR<\/em><\/del> now <strong>250 EUR<\/strong><br \/>\n<strong>Price includes:<\/strong> full-day Mercedes Viano rental, a driver, fuel, VAT 25%<br \/>\nPrice does not include:\u00a0entrance tickets to the National Park<br \/>\n<strong>Departure:<\/strong> from the port of Split, or by arrangement.<\/p>\n<p><strong><span style=\"color: #ff6600;\">Order Excursion<\/span><\/strong> \u2794 Krka Waterfalls National Park<br \/>\n\n\n<!-- Fast Secure Contact Form plugin 4.0.52 - begin - FastSecureContactForm.com -->\r\n<div style=\"clear:both;\"><\/div>\n\r\n<div id=\"FSContact1\" style=\"width:600px;\">\r\n<form action=\"https:\/\/www.villaadriatica.com\/de\/wp-json\/wp\/v2\/posts\/1647#FSContact1\" id=\"fscf_form1\" method=\"post\">\r\n\n<div id=\"fscf_div_clear1_0\" style=\"clear:both;\">\n  <div id=\"fscf_div_field1_0\" style=\"clear:left; float:left; width:99%; max-width:550px; margin-right:10px;\">\r\n    <div style=\"text-align:left; padding-top:5px;\">\n      <label style=\"text-align:left;\" for=\"fscf_name1\">Name:<span style=\"text-align:left;\">*<\/span><\/label>\n    <\/div>\r\n    <div style=\"text-align:left;\">\r\n      <input style=\"text-align:left; margin:0;\" type=\"text\" id=\"fscf_name1\" name=\"full_name\" value=\"\"  \/>\r\n    <\/div>\r\n  <\/div>\n<\/div>\n\n<div id=\"fscf_div_clear1_1\" style=\"clear:both;\">\n  <div id=\"fscf_div_field1_1\" style=\"clear:left; float:left; width:99%; max-width:550px; margin-right:10px;\">\n    <div style=\"text-align:left; padding-top:5px;\">\n      <label style=\"text-align:left;\" for=\"fscf_email1\">Email:<span style=\"text-align:left;\">*<\/span><\/label>\n    <\/div>\n    <div style=\"text-align:left;\">\n      <input style=\"text-align:left; margin:0;\" type=\"text\" id=\"fscf_email1\" name=\"email\" value=\"\"  \/>\n    <\/div>\n  <\/div>\n<\/div>\n\n<div id=\"fscf_div_clear1_2\" style=\"clear:both;\">\n  <div id=\"fscf_div_field1_2\" style=\"clear:left; float:left; width:99%; max-width:550px; margin-right:10px;\">\n    <div style=\"text-align:left; padding-top:5px;\">\n      <label style=\"text-align:left;\" for=\"fscf_field1_2\">Phone Number:<span style=\"text-align:left;\">*<\/span><\/label>\n    <\/div>\n    <div style=\"text-align:left;\">\n      <input style=\"text-align:left; margin:0;\" type=\"text\" id=\"fscf_field1_2\" name=\"subject\" value=\"\"  \/>\n    <\/div>\n  <\/div>\n<\/div>\n\n<div id=\"fscf_div_clear1_3\" style=\"clear:both;\">\n  <div id=\"fscf_div_field1_3\" style=\"clear:left; float:left; width:99%; max-width:550px; margin-right:10px;\">\n    <div style=\"text-align:left; padding-top:5px;\">\n      <label style=\"text-align:left;\" for=\"fscf_field1_3\">Nachricht:<span style=\"text-align:left;\">*<\/span><\/label>\n    <\/div>\n    <div style=\"text-align:left;\">\n      <textarea style=\"text-align:left; margin:0; width:99%; max-width:250px; height:120px;\" id=\"fscf_field1_3\" name=\"message\" cols=\"30\" rows=\"10\" ><\/textarea>\n    <\/div>\n  <\/div>\n<\/div>\r\n<div style=\"clear:both;\"><\/div>\n\n<div style=\"text-align:left; padding-top:5px;\">\n<\/div>\n<div id=\"fscf_recaptcha1\"><\/div>\n\n<div id=\"fscf_submit_div1\" style=\"text-align:left; padding-top:2px;\">\r\n\t\t<input type=\"submit\" id=\"fscf_submit1\" style=\"cursor:pointer; margin:0;\" value=\"senden\"  onclick=\"this.disabled=true; this.value='Submitting...'; this.form.submit();\" \/> \n<\/div>\n\n<input type=\"hidden\" name=\"fscf_submitted\" value=\"0\" \/>\n<input type=\"hidden\" name=\"fs_postonce_1\" value=\"5a550ec733e5b07a5e1577611a745a3d,1777560228\" \/>\n<input type=\"hidden\" name=\"si_contact_action\" value=\"send\" \/>\n<input type=\"hidden\" name=\"form_id\" value=\"1\" \/>\n<input type=\"hidden\" name=\"mailto_id\" value=\"1\" \/>\n\n<\/form>\n<\/div>\r\n<div style=\"clear:both;\"><\/div>\n\n<!-- Fast Secure Contact Form plugin 4.0.52 - end - FastSecureContactForm.com -->\n<\/p>\n","protected":false},"excerpt":{"rendered":"<p>Krka &#8211; National park\u00a0&#8211; ein Tagesausflug Wir besuchen eine der wertvollsten religi\u00f6sen Monumente in Dalmatien &#8211; Kathedrale von St.. James aus dem 15. Jahrhundert nur 12 km von Sibenik gibt es Wasserf\u00e4lle des Krka-Flusses&#8230;.<\/p>\n","protected":false},"author":1,"featured_media":457,"comment_status":"closed","ping_status":"closed","sticky":false,"template":"","format":"standard","meta":{"footnotes":""},"categories":[21],"tags":[],"class_list":["post-1647","post","type-post","status-publish","format-standard","has-post-thumbnail","hentry","category-attraktionen"],"yoast_head":"<!-- This site is optimized with the Yoast SEO plugin v25.1 - https:\/\/yoast.com\/wordpress\/plugins\/seo\/ -->\n<title>Hotel Villa Adriatica | Ausfl\u00fcge - Krka - National park<\/title>\n<meta name=\"description\" content=\"KRKA - NATIONAL PARK - ein Tagesausflug Wir besuchen eine der wertvollsten religi\u00f6sen Monumente in Dalmatien - Kathedrale von St.. James aus dem 15. Jahrhundert nur 12 km von Sibenik.\" \/>\n<meta name=\"robots\" content=\"index, follow, max-snippet:-1, max-image-preview:large, max-video-preview:-1\" \/>\n<link rel=\"canonical\" href=\"https:\/\/www.villaadriatica.com\/de\/krka-national-park\/\" \/>\n<meta property=\"og:locale\" content=\"de_DE\" \/>\n<meta property=\"og:type\" content=\"article\" \/>\n<meta property=\"og:title\" content=\"Hotel Villa Adriatica | Ausfl\u00fcge - Krka - National park\" \/>\n<meta property=\"og:description\" content=\"KRKA - NATIONAL PARK - ein Tagesausflug Wir besuchen eine der wertvollsten religi\u00f6sen Monumente in Dalmatien - Kathedrale von St.. James aus dem 15. Jahrhundert nur 12 km von Sibenik.\" \/>\n<meta property=\"og:url\" content=\"https:\/\/www.villaadriatica.com\/de\/krka-national-park\/\" \/>\n<meta property=\"article:published_time\" content=\"2013-01-01T12:00:58+00:00\" \/>\n<meta property=\"article:modified_time\" content=\"2014-01-05T16:21:44+00:00\" \/>\n<meta property=\"og:image\" content=\"https:\/\/www.villaadriatica.com\/wp-content\/uploads\/2013\/07\/Turs-krka-002.jpg\" \/>\n\t<meta property=\"og:image:width\" content=\"900\" \/>\n\t<meta property=\"og:image:height\" content=\"543\" \/>\n\t<meta property=\"og:image:type\" content=\"image\/jpeg\" \/>\n<meta name=\"author\" content=\"Villa Adriatica\" \/>\n<meta name=\"twitter:label1\" content=\"Verfasst von\" \/>\n\t<meta name=\"twitter:data1\" content=\"Villa Adriatica\" \/>\n\t<meta name=\"twitter:label2\" content=\"Gesch\u00e4tzte Lesezeit\" \/>\n\t<meta name=\"twitter:data2\" content=\"1\u00a0Minute\" \/>\n<script type=\"application\/ld+json\" class=\"yoast-schema-graph\">{\"@context\":\"https:\/\/schema.org\",\"@graph\":[{\"@type\":\"WebPage\",\"@id\":\"https:\/\/www.villaadriatica.com\/de\/krka-national-park\/\",\"url\":\"https:\/\/www.villaadriatica.com\/de\/krka-national-park\/\",\"name\":\"Hotel Villa Adriatica | Ausfl\u00fcge - Krka - National park\",\"isPartOf\":{\"@id\":\"https:\/\/www.villaadriatica.com\/hr\/#website\"},\"primaryImageOfPage\":{\"@id\":\"https:\/\/www.villaadriatica.com\/de\/krka-national-park\/#primaryimage\"},\"image\":{\"@id\":\"https:\/\/www.villaadriatica.com\/de\/krka-national-park\/#primaryimage\"},\"thumbnailUrl\":\"https:\/\/www.villaadriatica.com\/wp-content\/uploads\/2013\/07\/Turs-krka-002.jpg\",\"datePublished\":\"2013-01-01T12:00:58+00:00\",\"dateModified\":\"2014-01-05T16:21:44+00:00\",\"author\":{\"@id\":\"https:\/\/www.villaadriatica.com\/hr\/#\/schema\/person\/4e7ef8225563cb2cb9db504b69e03cbe\"},\"description\":\"KRKA - NATIONAL PARK - ein Tagesausflug Wir besuchen eine der wertvollsten religi\u00f6sen Monumente in Dalmatien - Kathedrale von St.. James aus dem 15. Jahrhundert nur 12 km von Sibenik.\",\"breadcrumb\":{\"@id\":\"https:\/\/www.villaadriatica.com\/de\/krka-national-park\/#breadcrumb\"},\"inLanguage\":\"de\",\"potentialAction\":[{\"@type\":\"ReadAction\",\"target\":[\"https:\/\/www.villaadriatica.com\/de\/krka-national-park\/\"]}]},{\"@type\":\"ImageObject\",\"inLanguage\":\"de\",\"@id\":\"https:\/\/www.villaadriatica.com\/de\/krka-national-park\/#primaryimage\",\"url\":\"https:\/\/www.villaadriatica.com\/wp-content\/uploads\/2013\/07\/Turs-krka-002.jpg\",\"contentUrl\":\"https:\/\/www.villaadriatica.com\/wp-content\/uploads\/2013\/07\/Turs-krka-002.jpg\",\"width\":\"900\",\"height\":\"543\"},{\"@type\":\"BreadcrumbList\",\"@id\":\"https:\/\/www.villaadriatica.com\/de\/krka-national-park\/#breadcrumb\",\"itemListElement\":[{\"@type\":\"ListItem\",\"position\":1,\"name\":\"Home\",\"item\":\"https:\/\/www.villaadriatica.com\/de\/\"},{\"@type\":\"ListItem\",\"position\":2,\"name\":\"Krka &#8211; National park\"}]},{\"@type\":\"WebSite\",\"@id\":\"https:\/\/www.villaadriatica.com\/hr\/#website\",\"url\":\"https:\/\/www.villaadriatica.com\/hr\/\",\"name\":\"\",\"description\":\"\",\"potentialAction\":[{\"@type\":\"SearchAction\",\"target\":{\"@type\":\"EntryPoint\",\"urlTemplate\":\"https:\/\/www.villaadriatica.com\/hr\/?s={search_term_string}\"},\"query-input\":{\"@type\":\"PropertyValueSpecification\",\"valueRequired\":true,\"valueName\":\"search_term_string\"}}],\"inLanguage\":\"de\"},{\"@type\":\"Person\",\"@id\":\"https:\/\/www.villaadriatica.com\/hr\/#\/schema\/person\/4e7ef8225563cb2cb9db504b69e03cbe\",\"name\":\"Villa Adriatica\",\"image\":{\"@type\":\"ImageObject\",\"inLanguage\":\"de\",\"@id\":\"https:\/\/www.villaadriatica.com\/hr\/#\/schema\/person\/image\/\",\"url\":\"https:\/\/secure.gravatar.com\/avatar\/07178f8d0ed9dc8890097af126568b778aa10884144a948f42fc4a45708b7c16?s=96&d=mm&r=g\",\"contentUrl\":\"https:\/\/secure.gravatar.com\/avatar\/07178f8d0ed9dc8890097af126568b778aa10884144a948f42fc4a45708b7c16?s=96&d=mm&r=g\",\"caption\":\"Villa Adriatica\"},\"url\":\"https:\/\/www.villaadriatica.com\/de\/author\/villa-adriatica\/\"}]}<\/script>\n<!-- \/ Yoast SEO plugin. -->","yoast_head_json":{"title":"Hotel Villa Adriatica | Ausfl\u00fcge - Krka - National park","description":"KRKA - NATIONAL PARK - ein Tagesausflug Wir besuchen eine der wertvollsten religi\u00f6sen Monumente in Dalmatien - Kathedrale von St.. James aus dem 15. Jahrhundert nur 12 km von Sibenik.","robots":{"index":"index","follow":"follow","max-snippet":"max-snippet:-1","max-image-preview":"max-image-preview:large","max-video-preview":"max-video-preview:-1"},"canonical":"https:\/\/www.villaadriatica.com\/de\/krka-national-park\/","og_locale":"de_DE","og_type":"article","og_title":"Hotel Villa Adriatica | Ausfl\u00fcge - Krka - National park","og_description":"KRKA - NATIONAL PARK - ein Tagesausflug Wir besuchen eine der wertvollsten religi\u00f6sen Monumente in Dalmatien - Kathedrale von St.. James aus dem 15. Jahrhundert nur 12 km von Sibenik.","og_url":"https:\/\/www.villaadriatica.com\/de\/krka-national-park\/","article_published_time":"2013-01-01T12:00:58+00:00","article_modified_time":"2014-01-05T16:21:44+00:00","og_image":[{"width":900,"height":543,"url":"https:\/\/www.villaadriatica.com\/wp-content\/uploads\/2013\/07\/Turs-krka-002.jpg","type":"image\/jpeg"}],"author":"Villa Adriatica","twitter_misc":{"Verfasst von":"Villa Adriatica","Gesch\u00e4tzte Lesezeit":"1\u00a0Minute"},"schema":{"@context":"https:\/\/schema.org","@graph":[{"@type":"WebPage","@id":"https:\/\/www.villaadriatica.com\/de\/krka-national-park\/","url":"https:\/\/www.villaadriatica.com\/de\/krka-national-park\/","name":"Hotel Villa Adriatica | Ausfl\u00fcge - Krka - National park","isPartOf":{"@id":"https:\/\/www.villaadriatica.com\/hr\/#website"},"primaryImageOfPage":{"@id":"https:\/\/www.villaadriatica.com\/de\/krka-national-park\/#primaryimage"},"image":{"@id":"https:\/\/www.villaadriatica.com\/de\/krka-national-park\/#primaryimage"},"thumbnailUrl":"https:\/\/www.villaadriatica.com\/wp-content\/uploads\/2013\/07\/Turs-krka-002.jpg","datePublished":"2013-01-01T12:00:58+00:00","dateModified":"2014-01-05T16:21:44+00:00","author":{"@id":"https:\/\/www.villaadriatica.com\/hr\/#\/schema\/person\/4e7ef8225563cb2cb9db504b69e03cbe"},"description":"KRKA - NATIONAL PARK - ein Tagesausflug Wir besuchen eine der wertvollsten religi\u00f6sen Monumente in Dalmatien - Kathedrale von St.. James aus dem 15. Jahrhundert nur 12 km von Sibenik.","breadcrumb":{"@id":"https:\/\/www.villaadriatica.com\/de\/krka-national-park\/#breadcrumb"},"inLanguage":"de","potentialAction":[{"@type":"ReadAction","target":["https:\/\/www.villaadriatica.com\/de\/krka-national-park\/"]}]},{"@type":"ImageObject","inLanguage":"de","@id":"https:\/\/www.villaadriatica.com\/de\/krka-national-park\/#primaryimage","url":"https:\/\/www.villaadriatica.com\/wp-content\/uploads\/2013\/07\/Turs-krka-002.jpg","contentUrl":"https:\/\/www.villaadriatica.com\/wp-content\/uploads\/2013\/07\/Turs-krka-002.jpg","width":"900","height":"543"},{"@type":"BreadcrumbList","@id":"https:\/\/www.villaadriatica.com\/de\/krka-national-park\/#breadcrumb","itemListElement":[{"@type":"ListItem","position":1,"name":"Home","item":"https:\/\/www.villaadriatica.com\/de\/"},{"@type":"ListItem","position":2,"name":"Krka &#8211; National park"}]},{"@type":"WebSite","@id":"https:\/\/www.villaadriatica.com\/hr\/#website","url":"https:\/\/www.villaadriatica.com\/hr\/","name":"","description":"","potentialAction":[{"@type":"SearchAction","target":{"@type":"EntryPoint","urlTemplate":"https:\/\/www.villaadriatica.com\/hr\/?s={search_term_string}"},"query-input":{"@type":"PropertyValueSpecification","valueRequired":true,"valueName":"search_term_string"}}],"inLanguage":"de"},{"@type":"Person","@id":"https:\/\/www.villaadriatica.com\/hr\/#\/schema\/person\/4e7ef8225563cb2cb9db504b69e03cbe","name":"Villa Adriatica","image":{"@type":"ImageObject","inLanguage":"de","@id":"https:\/\/www.villaadriatica.com\/hr\/#\/schema\/person\/image\/","url":"https:\/\/secure.gravatar.com\/avatar\/07178f8d0ed9dc8890097af126568b778aa10884144a948f42fc4a45708b7c16?s=96&d=mm&r=g","contentUrl":"https:\/\/secure.gravatar.com\/avatar\/07178f8d0ed9dc8890097af126568b778aa10884144a948f42fc4a45708b7c16?s=96&d=mm&r=g","caption":"Villa Adriatica"},"url":"https:\/\/www.villaadriatica.com\/de\/author\/villa-adriatica\/"}]}},"_links":{"self":[{"href":"https:\/\/www.villaadriatica.com\/de\/wp-json\/wp\/v2\/posts\/1647","targetHints":{"allow":["GET"]}}],"collection":[{"href":"https:\/\/www.villaadriatica.com\/de\/wp-json\/wp\/v2\/posts"}],"about":[{"href":"https:\/\/www.villaadriatica.com\/de\/wp-json\/wp\/v2\/types\/post"}],"author":[{"embeddable":true,"href":"https:\/\/www.villaadriatica.com\/de\/wp-json\/wp\/v2\/users\/1"}],"replies":[{"embeddable":true,"href":"https:\/\/www.villaadriatica.com\/de\/wp-json\/wp\/v2\/comments?post=1647"}],"version-history":[{"count":5,"href":"https:\/\/www.villaadriatica.com\/de\/wp-json\/wp\/v2\/posts\/1647\/revisions"}],"predecessor-version":[{"id":1686,"href":"https:\/\/www.villaadriatica.com\/de\/wp-json\/wp\/v2\/posts\/1647\/revisions\/1686"}],"wp:featuredmedia":[{"embeddable":true,"href":"https:\/\/www.villaadriatica.com\/de\/wp-json\/wp\/v2\/media\/457"}],"wp:attachment":[{"href":"https:\/\/www.villaadriatica.com\/de\/wp-json\/wp\/v2\/media?parent=1647"}],"wp:term":[{"taxonomy":"category","embeddable":true,"href":"https:\/\/www.villaadriatica.com\/de\/wp-json\/wp\/v2\/categories?post=1647"},{"taxonomy":"post_tag","embeddable":true,"href":"https:\/\/www.villaadriatica.com\/de\/wp-json\/wp\/v2\/tags?post=1647"}],"curies":[{"name":"wp","href":"https:\/\/api.w.org\/{rel}","templated":true}]}}